{"id":8525,"date":"2025-03-03T18:19:25","date_gmt":"2025-03-03T16:19:25","guid":{"rendered":"https:\/\/lafenicegc.com\/news\/cevisama-2025-il-futuro-tra-innovazione-e-design\/"},"modified":"2025-03-03T18:42:37","modified_gmt":"2025-03-03T16:42:37","slug":"cevisama-2025-le-futur-entre-innovation-et-design","status":"publish","type":"post","link":"https:\/\/lafenicegc.com\/fr\/news\/cevisama-2025-le-futur-entre-innovation-et-design\/","title":{"rendered":"Cevisama 2025 : le futur entre innovation et design"},"content":{"rendered":"\n<p><strong>L&rsquo;\u00e9dition 2025<\/strong> de <strong>Cevisama<\/strong>, le prestigieux<strong> salon international de la c\u00e9ramique et de l&rsquo;ameublement de salle de bains<\/strong>, vient de se terminer. Lors de l&rsquo;\u00e9v\u00e9nement organis\u00e9 \u00e0 <strong>Valence<\/strong>, l&rsquo;entreprise a <strong>pr\u00e9sent\u00e9<\/strong> ses <strong>derni\u00e8res collections<\/strong>, caract\u00e9ris\u00e9es par un \u00e9quilibre parfait entre <strong>durabilit\u00e9 et design d&rsquo;avant-garde<\/strong>. Un grand int\u00e9r\u00eat a \u00e9t\u00e9 r\u00e9serv\u00e9 aux <strong>nouvelles<\/strong> <strong>surfaces<\/strong>, qui allient esth\u00e9tique raffin\u00e9e et hautes performances techniques, confirmant la marque \u00ab <strong>La Fenice Ceramiche<\/strong> \u00bb comme une r\u00e9f\u00e9rence dans le secteur.<\/p>\n\n\n\n<p>Notre stand a \u00e9t\u00e9 un point de rencontre pour les professionnels, les architectes et les designers, renfor\u00e7ant encore notre engagement \u00e0 porter la qualit\u00e9 du <strong>Made in Italy<\/strong> \u00e0 l&rsquo;\u00e9chelle internationale.<\/p>\n\n\n\n<p><\/p>\n\n\n\n<figure class=\"wp-block-gallery aligncenter has-nested-images columns-5\">\n<figure class=\"wp-block-image size-large\"><a href=\"https:\/\/lafenicegc.com\/wp-content\/uploads\/2025\/03\/Cevisama_Collezioni_2025.jpg\"><img loading=\"lazy\" width=\"800\" height=\"800\" data-id=\"8494\"  src=\"https:\/\/lafenicegc.com\/wp-content\/uploads\/2025\/03\/Cevisama_Collezioni_2025.jpg\" alt=\"\" class=\"wp-image-8494\" srcset=\"https:\/\/lafenicegc.com\/wp-content\/uploads\/2025\/03\/Cevisama_Collezioni_2025.jpg 800w, https:\/\/lafenicegc.com\/wp-content\/uploads\/2025\/03\/Cevisama_Collezioni_2025-480x480.jpg 480w\" sizes=\"(min-width: 0px) and (max-width: 480px) 480px, (min-width: 481px) 800px, 100vw\" \/><\/a><\/figure>\n\n\n\n<figure class=\"wp-block-image size-large\"><a href=\"https:\/\/lafenicegc.com\/wp-content\/uploads\/2025\/03\/Cevisama_Collezioni_2025_2.jpg\"><img loading=\"lazy\" width=\"800\" height=\"800\" data-id=\"8495\"  src=\"https:\/\/lafenicegc.com\/wp-content\/uploads\/2025\/03\/Cevisama_Collezioni_2025_2.jpg\" alt=\"\" class=\"wp-image-8495\" srcset=\"https:\/\/lafenicegc.com\/wp-content\/uploads\/2025\/03\/Cevisama_Collezioni_2025_2.jpg 800w, https:\/\/lafenicegc.com\/wp-content\/uploads\/2025\/03\/Cevisama_Collezioni_2025_2-480x480.jpg 480w\" sizes=\"(min-width: 0px) and (max-width: 480px) 480px, (min-width: 481px) 800px, 100vw\" \/><\/a><\/figure>\n\n\n\n<figure class=\"wp-block-image size-large\"><a href=\"https:\/\/lafenicegc.com\/wp-content\/uploads\/2025\/03\/Cevisama_Collezioni_2025_3.jpg\"><img loading=\"lazy\" width=\"800\" height=\"800\" data-id=\"8496\"  src=\"https:\/\/lafenicegc.com\/wp-content\/uploads\/2025\/03\/Cevisama_Collezioni_2025_3.jpg\" alt=\"\" class=\"wp-image-8496\" srcset=\"https:\/\/lafenicegc.com\/wp-content\/uploads\/2025\/03\/Cevisama_Collezioni_2025_3.jpg 800w, https:\/\/lafenicegc.com\/wp-content\/uploads\/2025\/03\/Cevisama_Collezioni_2025_3-480x480.jpg 480w\" sizes=\"(min-width: 0px) and (max-width: 480px) 480px, (min-width: 481px) 800px, 100vw\" \/><\/a><\/figure>\n\n\n\n<figure class=\"wp-block-image size-large\"><a href=\"https:\/\/lafenicegc.com\/wp-content\/uploads\/2025\/03\/Cevisama_Collezioni_2025_4.jpg\"><img loading=\"lazy\" width=\"800\" height=\"800\" data-id=\"8497\"  src=\"https:\/\/lafenicegc.com\/wp-content\/uploads\/2025\/03\/Cevisama_Collezioni_2025_4.jpg\" alt=\"\" class=\"wp-image-8497\" srcset=\"https:\/\/lafenicegc.com\/wp-content\/uploads\/2025\/03\/Cevisama_Collezioni_2025_4.jpg 800w, https:\/\/lafenicegc.com\/wp-content\/uploads\/2025\/03\/Cevisama_Collezioni_2025_4-480x480.jpg 480w\" sizes=\"(min-width: 0px) and (max-width: 480px) 480px, (min-width: 481px) 800px, 100vw\" \/><\/a><\/figure>\n\n\n\n<figure class=\"wp-block-image size-full\"><a href=\"https:\/\/lafenicegc.com\/wp-content\/uploads\/2025\/03\/Cevisama_Collezioni_2025_5.jpg\"><img loading=\"lazy\" width=\"800\" height=\"800\" data-id=\"8512\"  src=\"https:\/\/lafenicegc.com\/wp-content\/uploads\/2025\/03\/Cevisama_Collezioni_2025_5.jpg\" alt=\"\" class=\"wp-image-8512\" srcset=\"https:\/\/lafenicegc.com\/wp-content\/uploads\/2025\/03\/Cevisama_Collezioni_2025_5.jpg 800w, https:\/\/lafenicegc.com\/wp-content\/uploads\/2025\/03\/Cevisama_Collezioni_2025_5-480x480.jpg 480w\" sizes=\"(min-width: 0px) and (max-width: 480px) 480px, (min-width: 481px) 800px, 100vw\" \/><\/a><\/figure>\n<\/figure>\n\n\n\t<style>\n\t\t.featured-image {\n\t\t\tdisplay: none;\n\t\t}\n\t<\/style>\n  \n","protected":false},"excerpt":{"rendered":"<p>L&rsquo;\u00e9dition 2025 de Cevisama, le prestigieux salon international de la c\u00e9ramique et de l&rsquo;ameublement de salle de bains, vient de se terminer. Lors de l&rsquo;\u00e9v\u00e9nement organis\u00e9 \u00e0 Valence, l&rsquo;entreprise a pr\u00e9sent\u00e9 ses derni\u00e8res collections, caract\u00e9ris\u00e9es par un \u00e9quilibre parfait entre durabilit\u00e9 et design d&rsquo;avant-garde. Un grand int\u00e9r\u00eat a \u00e9t\u00e9 r\u00e9serv\u00e9 aux nouvelles surfaces, qui allient [&hellip;]<\/p>\n","protected":false},"author":1,"featured_media":8527,"comment_status":"closed","ping_status":"closed","sticky":false,"template":"","format":"standard","meta":{"_et_pb_use_builder":"","_et_pb_old_content":"","_et_gb_content_width":""},"categories":[181],"tags":[],"yoast_head":"<!-- This site is optimized with the Yoast SEO plugin v19.13 - https:\/\/yoast.com\/wordpress\/plugins\/seo\/ -->\n<title>Cevisama 2025 : le futur entre innovation et design - La Fenice srl<\/title>\n<meta name=\"robots\" content=\"index, follow, max-snippet:-1, max-image-preview:large, max-video-preview:-1\" \/>\n<link rel=\"canonical\" href=\"https:\/\/lafenicegc.com\/fr\/news\/cevisama-2025-le-futur-entre-innovation-et-design\/\" \/>\n<meta property=\"og:locale\" content=\"fr_FR\" \/>\n<meta property=\"og:type\" content=\"article\" \/>\n<meta property=\"og:title\" content=\"Cevisama 2025 : le futur entre innovation et design - La Fenice srl\" \/>\n<meta property=\"og:description\" content=\"L&rsquo;\u00e9dition 2025 de Cevisama, le prestigieux salon international de la c\u00e9ramique et de l&rsquo;ameublement de salle de bains, vient de se terminer. Lors de l&rsquo;\u00e9v\u00e9nement organis\u00e9 \u00e0 Valence, l&rsquo;entreprise a pr\u00e9sent\u00e9 ses derni\u00e8res collections, caract\u00e9ris\u00e9es par un \u00e9quilibre parfait entre durabilit\u00e9 et design d&rsquo;avant-garde. Un grand int\u00e9r\u00eat a \u00e9t\u00e9 r\u00e9serv\u00e9 aux nouvelles surfaces, qui allient [&hellip;]\" \/>\n<meta property=\"og:url\" content=\"https:\/\/lafenicegc.com\/fr\/news\/cevisama-2025-le-futur-entre-innovation-et-design\/\" \/>\n<meta property=\"og:site_name\" content=\"La Fenice srl\" \/>\n<meta property=\"article:published_time\" content=\"2025-03-03T16:19:25+00:00\" \/>\n<meta property=\"article:modified_time\" content=\"2025-03-03T16:42:37+00:00\" \/>\n<meta property=\"og:image\" content=\"https:\/\/lafenicegc.com\/wp-content\/uploads\/2025\/03\/Cevisama_2025_copertina-1.jpg\" \/>\n\t<meta property=\"og:image:width\" content=\"1000\" \/>\n\t<meta property=\"og:image:height\" content=\"630\" \/>\n\t<meta property=\"og:image:type\" content=\"image\/jpeg\" \/>\n<meta name=\"author\" content=\"admin\" \/>\n<meta name=\"twitter:card\" content=\"summary_large_image\" \/>\n<meta name=\"twitter:label1\" content=\"\u00c9crit par\" \/>\n\t<meta name=\"twitter:data1\" content=\"admin\" \/>\n\t<meta name=\"twitter:label2\" content=\"Dur\u00e9e de lecture estim\u00e9e\" \/>\n\t<meta name=\"twitter:data2\" content=\"1 minute\" \/>\n<script type=\"application\/ld+json\" class=\"yoast-schema-graph\">{\"@context\":\"https:\/\/schema.org\",\"@graph\":[{\"@type\":\"Article\",\"@id\":\"https:\/\/lafenicegc.com\/fr\/news\/cevisama-2025-le-futur-entre-innovation-et-design\/#article\",\"isPartOf\":{\"@id\":\"https:\/\/lafenicegc.com\/fr\/news\/cevisama-2025-le-futur-entre-innovation-et-design\/\"},\"author\":{\"name\":\"admin\",\"@id\":\"https:\/\/lafenicegc.com\/#\/schema\/person\/d6478c56056e76ddca58b9e5249677c2\"},\"headline\":\"Cevisama 2025 : le futur entre innovation et design\",\"datePublished\":\"2025-03-03T16:19:25+00:00\",\"dateModified\":\"2025-03-03T16:42:37+00:00\",\"mainEntityOfPage\":{\"@id\":\"https:\/\/lafenicegc.com\/fr\/news\/cevisama-2025-le-futur-entre-innovation-et-design\/\"},\"wordCount\":128,\"publisher\":{\"@id\":\"https:\/\/lafenicegc.com\/#organization\"},\"articleSection\":[\"News\"],\"inLanguage\":\"fr-FR\"},{\"@type\":\"WebPage\",\"@id\":\"https:\/\/lafenicegc.com\/fr\/news\/cevisama-2025-le-futur-entre-innovation-et-design\/\",\"url\":\"https:\/\/lafenicegc.com\/fr\/news\/cevisama-2025-le-futur-entre-innovation-et-design\/\",\"name\":\"Cevisama 2025 : le futur entre innovation et design - La Fenice srl\",\"isPartOf\":{\"@id\":\"https:\/\/lafenicegc.com\/#website\"},\"datePublished\":\"2025-03-03T16:19:25+00:00\",\"dateModified\":\"2025-03-03T16:42:37+00:00\",\"breadcrumb\":{\"@id\":\"https:\/\/lafenicegc.com\/fr\/news\/cevisama-2025-le-futur-entre-innovation-et-design\/#breadcrumb\"},\"inLanguage\":\"fr-FR\",\"potentialAction\":[{\"@type\":\"ReadAction\",\"target\":[\"https:\/\/lafenicegc.com\/fr\/news\/cevisama-2025-le-futur-entre-innovation-et-design\/\"]}]},{\"@type\":\"BreadcrumbList\",\"@id\":\"https:\/\/lafenicegc.com\/fr\/news\/cevisama-2025-le-futur-entre-innovation-et-design\/#breadcrumb\",\"itemListElement\":[{\"@type\":\"ListItem\",\"position\":1,\"name\":\"La Fenice srl\",\"item\":\"https:\/\/lafenicegc.com\/fr\/\"},{\"@type\":\"ListItem\",\"position\":2,\"name\":\"News\",\"item\":\"https:\/\/lafenicegc.com\/fr\/.\/news\/\"},{\"@type\":\"ListItem\",\"position\":3,\"name\":\"Cevisama 2025 : le futur entre innovation et design\"}]},{\"@type\":\"WebSite\",\"@id\":\"https:\/\/lafenicegc.com\/#website\",\"url\":\"https:\/\/lafenicegc.com\/\",\"name\":\"La Fenice srl\",\"description\":\"Qualit\u00e9 et Style du Made in Italy\",\"publisher\":{\"@id\":\"https:\/\/lafenicegc.com\/#organization\"},\"potentialAction\":[{\"@type\":\"SearchAction\",\"target\":{\"@type\":\"EntryPoint\",\"urlTemplate\":\"https:\/\/lafenicegc.com\/?s={search_term_string}\"},\"query-input\":\"required name=search_term_string\"}],\"inLanguage\":\"fr-FR\"},{\"@type\":\"Organization\",\"@id\":\"https:\/\/lafenicegc.com\/#organization\",\"name\":\"La Fenice srl\",\"url\":\"https:\/\/lafenicegc.com\/\",\"logo\":{\"@type\":\"ImageObject\",\"inLanguage\":\"fr-FR\",\"@id\":\"https:\/\/lafenicegc.com\/#\/schema\/logo\/image\/\",\"url\":\"https:\/\/lafenicegc.com\/wp-content\/uploads\/2022\/03\/lafenice-logo-nero.png\",\"contentUrl\":\"https:\/\/lafenicegc.com\/wp-content\/uploads\/2022\/03\/lafenice-logo-nero.png\",\"width\":800,\"height\":230,\"caption\":\"La Fenice srl\"},\"image\":{\"@id\":\"https:\/\/lafenicegc.com\/#\/schema\/logo\/image\/\"}},{\"@type\":\"Person\",\"@id\":\"https:\/\/lafenicegc.com\/#\/schema\/person\/d6478c56056e76ddca58b9e5249677c2\",\"name\":\"admin\",\"image\":{\"@type\":\"ImageObject\",\"inLanguage\":\"fr-FR\",\"@id\":\"https:\/\/lafenicegc.com\/#\/schema\/person\/image\/\",\"url\":\"https:\/\/secure.gravatar.com\/avatar\/7569ebeb7736497276fc8eb57493bb7a?s=96&d=mm&r=g\",\"contentUrl\":\"https:\/\/secure.gravatar.com\/avatar\/7569ebeb7736497276fc8eb57493bb7a?s=96&d=mm&r=g\",\"caption\":\"admin\"}}]}<\/script>\n<!-- \/ Yoast SEO plugin. -->","yoast_head_json":{"title":"Cevisama 2025 : le futur entre innovation et design - La Fenice srl","robots":{"index":"index","follow":"follow","max-snippet":"max-snippet:-1","max-image-preview":"max-image-preview:large","max-video-preview":"max-video-preview:-1"},"canonical":"https:\/\/lafenicegc.com\/fr\/news\/cevisama-2025-le-futur-entre-innovation-et-design\/","og_locale":"fr_FR","og_type":"article","og_title":"Cevisama 2025 : le futur entre innovation et design - La Fenice srl","og_description":"L&rsquo;\u00e9dition 2025 de Cevisama, le prestigieux salon international de la c\u00e9ramique et de l&rsquo;ameublement de salle de bains, vient de se terminer. Lors de l&rsquo;\u00e9v\u00e9nement organis\u00e9 \u00e0 Valence, l&rsquo;entreprise a pr\u00e9sent\u00e9 ses derni\u00e8res collections, caract\u00e9ris\u00e9es par un \u00e9quilibre parfait entre durabilit\u00e9 et design d&rsquo;avant-garde. Un grand int\u00e9r\u00eat a \u00e9t\u00e9 r\u00e9serv\u00e9 aux nouvelles surfaces, qui allient [&hellip;]","og_url":"https:\/\/lafenicegc.com\/fr\/news\/cevisama-2025-le-futur-entre-innovation-et-design\/","og_site_name":"La Fenice srl","article_published_time":"2025-03-03T16:19:25+00:00","article_modified_time":"2025-03-03T16:42:37+00:00","og_image":[{"width":1000,"height":630,"url":"https:\/\/lafenicegc.com\/wp-content\/uploads\/2025\/03\/Cevisama_2025_copertina-1.jpg","type":"image\/jpeg"}],"author":"admin","twitter_card":"summary_large_image","twitter_misc":{"\u00c9crit par":"admin","Dur\u00e9e de lecture estim\u00e9e":"1 minute"},"schema":{"@context":"https:\/\/schema.org","@graph":[{"@type":"Article","@id":"https:\/\/lafenicegc.com\/fr\/news\/cevisama-2025-le-futur-entre-innovation-et-design\/#article","isPartOf":{"@id":"https:\/\/lafenicegc.com\/fr\/news\/cevisama-2025-le-futur-entre-innovation-et-design\/"},"author":{"name":"admin","@id":"https:\/\/lafenicegc.com\/#\/schema\/person\/d6478c56056e76ddca58b9e5249677c2"},"headline":"Cevisama 2025 : le futur entre innovation et design","datePublished":"2025-03-03T16:19:25+00:00","dateModified":"2025-03-03T16:42:37+00:00","mainEntityOfPage":{"@id":"https:\/\/lafenicegc.com\/fr\/news\/cevisama-2025-le-futur-entre-innovation-et-design\/"},"wordCount":128,"publisher":{"@id":"https:\/\/lafenicegc.com\/#organization"},"articleSection":["News"],"inLanguage":"fr-FR"},{"@type":"WebPage","@id":"https:\/\/lafenicegc.com\/fr\/news\/cevisama-2025-le-futur-entre-innovation-et-design\/","url":"https:\/\/lafenicegc.com\/fr\/news\/cevisama-2025-le-futur-entre-innovation-et-design\/","name":"Cevisama 2025 : le futur entre innovation et design - La Fenice srl","isPartOf":{"@id":"https:\/\/lafenicegc.com\/#website"},"datePublished":"2025-03-03T16:19:25+00:00","dateModified":"2025-03-03T16:42:37+00:00","breadcrumb":{"@id":"https:\/\/lafenicegc.com\/fr\/news\/cevisama-2025-le-futur-entre-innovation-et-design\/#breadcrumb"},"inLanguage":"fr-FR","potentialAction":[{"@type":"ReadAction","target":["https:\/\/lafenicegc.com\/fr\/news\/cevisama-2025-le-futur-entre-innovation-et-design\/"]}]},{"@type":"BreadcrumbList","@id":"https:\/\/lafenicegc.com\/fr\/news\/cevisama-2025-le-futur-entre-innovation-et-design\/#breadcrumb","itemListElement":[{"@type":"ListItem","position":1,"name":"La Fenice srl","item":"https:\/\/lafenicegc.com\/fr\/"},{"@type":"ListItem","position":2,"name":"News","item":"https:\/\/lafenicegc.com\/fr\/.\/news\/"},{"@type":"ListItem","position":3,"name":"Cevisama 2025 : le futur entre innovation et design"}]},{"@type":"WebSite","@id":"https:\/\/lafenicegc.com\/#website","url":"https:\/\/lafenicegc.com\/","name":"La Fenice srl","description":"Qualit\u00e9 et Style du Made in Italy","publisher":{"@id":"https:\/\/lafenicegc.com\/#organization"},"potentialAction":[{"@type":"SearchAction","target":{"@type":"EntryPoint","urlTemplate":"https:\/\/lafenicegc.com\/?s={search_term_string}"},"query-input":"required name=search_term_string"}],"inLanguage":"fr-FR"},{"@type":"Organization","@id":"https:\/\/lafenicegc.com\/#organization","name":"La Fenice srl","url":"https:\/\/lafenicegc.com\/","logo":{"@type":"ImageObject","inLanguage":"fr-FR","@id":"https:\/\/lafenicegc.com\/#\/schema\/logo\/image\/","url":"https:\/\/lafenicegc.com\/wp-content\/uploads\/2022\/03\/lafenice-logo-nero.png","contentUrl":"https:\/\/lafenicegc.com\/wp-content\/uploads\/2022\/03\/lafenice-logo-nero.png","width":800,"height":230,"caption":"La Fenice srl"},"image":{"@id":"https:\/\/lafenicegc.com\/#\/schema\/logo\/image\/"}},{"@type":"Person","@id":"https:\/\/lafenicegc.com\/#\/schema\/person\/d6478c56056e76ddca58b9e5249677c2","name":"admin","image":{"@type":"ImageObject","inLanguage":"fr-FR","@id":"https:\/\/lafenicegc.com\/#\/schema\/person\/image\/","url":"https:\/\/secure.gravatar.com\/avatar\/7569ebeb7736497276fc8eb57493bb7a?s=96&d=mm&r=g","contentUrl":"https:\/\/secure.gravatar.com\/avatar\/7569ebeb7736497276fc8eb57493bb7a?s=96&d=mm&r=g","caption":"admin"}}]}},"_links":{"self":[{"href":"https:\/\/lafenicegc.com\/fr\/wp-json\/wp\/v2\/posts\/8525"}],"collection":[{"href":"https:\/\/lafenicegc.com\/fr\/wp-json\/wp\/v2\/posts"}],"about":[{"href":"https:\/\/lafenicegc.com\/fr\/wp-json\/wp\/v2\/types\/post"}],"author":[{"embeddable":true,"href":"https:\/\/lafenicegc.com\/fr\/wp-json\/wp\/v2\/users\/1"}],"replies":[{"embeddable":true,"href":"https:\/\/lafenicegc.com\/fr\/wp-json\/wp\/v2\/comments?post=8525"}],"version-history":[{"count":1,"href":"https:\/\/lafenicegc.com\/fr\/wp-json\/wp\/v2\/posts\/8525\/revisions"}],"predecessor-version":[{"id":8529,"href":"https:\/\/lafenicegc.com\/fr\/wp-json\/wp\/v2\/posts\/8525\/revisions\/8529"}],"wp:featuredmedia":[{"embeddable":true,"href":"https:\/\/lafenicegc.com\/fr\/wp-json\/wp\/v2\/media\/8527"}],"wp:attachment":[{"href":"https:\/\/lafenicegc.com\/fr\/wp-json\/wp\/v2\/media?parent=8525"}],"wp:term":[{"taxonomy":"category","embeddable":true,"href":"https:\/\/lafenicegc.com\/fr\/wp-json\/wp\/v2\/categories?post=8525"},{"taxonomy":"post_tag","embeddable":true,"href":"https:\/\/lafenicegc.com\/fr\/wp-json\/wp\/v2\/tags?post=8525"}],"curies":[{"name":"wp","href":"https:\/\/api.w.org\/{rel}","templated":true}]}}